{"id":6796,"date":"2023-10-05T12:41:50","date_gmt":"2023-10-05T12:41:50","guid":{"rendered":"https:\/\/lacasta-design.com\/gilles-aillaud-animal-politico\/"},"modified":"2024-04-29T13:53:42","modified_gmt":"2024-04-29T13:53:42","slug":"gilles-aillaud-animal-politico","status":"publish","type":"post","link":"https:\/\/lacasta-design.com\/fr\/gilles-aillaud-animal-politico\/","title":{"rendered":"Gilles Aillaud. Animal Politique"},"content":{"rendered":"","protected":false},"excerpt":{"rendered":"","protected":false},"author":2,"featured_media":0,"comment_status":"closed","ping_status":"closed","sticky":false,"template":"","format":"standard","meta":{"_monsterinsights_skip_tracking":false,"_monsterinsights_sitenote_active":false,"_monsterinsights_sitenote_note":"","_monsterinsights_sitenote_category":0,"footnotes":""},"categories":[2],"tags":[],"class_list":["post-6796","post","type-post","status-publish","format-standard","hentry","category-non-classifiee"],"yoast_head":"<!-- This site is optimized with the Yoast SEO plugin v26.8 - https:\/\/yoast.com\/product\/yoast-seo-wordpress\/ -->\n<title>Gilles Aillaud. Animal Politique - Lacasta Design<\/title>\n<meta name=\"description\" content=\"Nous avons con\u00e7u le graphisme de cette exposition consacr\u00e9e \u00e0 l&#039;\u0153uvre du peintre fran\u00e7ais Gilles Aillaud depuis les ann\u00e9es 1960.\" \/>\n<meta name=\"robots\" content=\"index, follow, max-snippet:-1, max-image-preview:large, max-video-preview:-1\" \/>\n<link rel=\"canonical\" href=\"https:\/\/lacasta-design.com\/fr\/gilles-aillaud-animal-politico\/\" \/>\n<meta property=\"og:locale\" content=\"fr_FR\" \/>\n<meta property=\"og:type\" content=\"article\" \/>\n<meta property=\"og:title\" content=\"Gilles Aillaud. Animal Politique\" \/>\n<meta property=\"og:description\" content=\"Nous avons con\u00e7u le graphisme de cette exposition consacr\u00e9e \u00e0 l&#039;\u0153uvre du peintre fran\u00e7ais Gilles Aillaud depuis les ann\u00e9es 1960.\" \/>\n<meta property=\"og:url\" content=\"https:\/\/lacasta-design.com\/fr\/gilles-aillaud-animal-politico\/\" \/>\n<meta property=\"og:site_name\" content=\"Lacasta Design\" \/>\n<meta property=\"article:published_time\" content=\"2023-10-05T12:41:50+00:00\" \/>\n<meta property=\"article:modified_time\" content=\"2024-04-29T13:53:42+00:00\" \/>\n<meta property=\"og:image\" content=\"http:\/\/lacasta-design.com\/wp-content\/uploads\/gilles-aillaud.jpg\" \/>\n\t<meta property=\"og:image:width\" content=\"800\" \/>\n\t<meta property=\"og:image:height\" content=\"500\" \/>\n\t<meta property=\"og:image:type\" content=\"image\/jpeg\" \/>\n<meta name=\"author\" content=\"pacolacasta\" \/>\n<meta name=\"twitter:card\" content=\"summary_large_image\" \/>\n<meta name=\"twitter:title\" content=\"Gilles Aillaud. Animal Politique\" \/>\n<meta name=\"twitter:description\" content=\"Nous avons con\u00e7u le graphisme de cette exposition consacr\u00e9e \u00e0 l&#039;\u0153uvre du peintre fran\u00e7ais Gilles Aillaud depuis les ann\u00e9es 1960.\" \/>\n<meta name=\"twitter:image\" content=\"https:\/\/lacasta-design.com\/wp-content\/uploads\/gilles-aillaud.jpg\" \/>\n<meta name=\"twitter:label1\" content=\"\u00c9crit par\" \/>\n\t<meta name=\"twitter:data1\" content=\"pacolacasta\" \/>\n<script type=\"application\/ld+json\" class=\"yoast-schema-graph\">{\"@context\":\"https:\/\/schema.org\",\"@graph\":[{\"@type\":\"Article\",\"@id\":\"https:\/\/lacasta-design.com\/fr\/gilles-aillaud-animal-politico\/#article\",\"isPartOf\":{\"@id\":\"https:\/\/lacasta-design.com\/fr\/gilles-aillaud-animal-politico\/\"},\"author\":{\"name\":\"pacolacasta\",\"@id\":\"https:\/\/lacasta-design.com\/#\/schema\/person\/51e1cd7c5f7356ab55e22257cf95469b\"},\"headline\":\"Gilles Aillaud. Animal Politique\",\"datePublished\":\"2023-10-05T12:41:50+00:00\",\"dateModified\":\"2024-04-29T13:53:42+00:00\",\"mainEntityOfPage\":{\"@id\":\"https:\/\/lacasta-design.com\/fr\/gilles-aillaud-animal-politico\/\"},\"wordCount\":4,\"publisher\":{\"@id\":\"https:\/\/lacasta-design.com\/#organization\"},\"articleSection\":[\"Non classifi\u00e9(e)\"],\"inLanguage\":\"fr-FR\"},{\"@type\":\"WebPage\",\"@id\":\"https:\/\/lacasta-design.com\/fr\/gilles-aillaud-animal-politico\/\",\"url\":\"https:\/\/lacasta-design.com\/fr\/gilles-aillaud-animal-politico\/\",\"name\":\"Gilles Aillaud. Animal Politique - Lacasta Design\",\"isPartOf\":{\"@id\":\"https:\/\/lacasta-design.com\/#website\"},\"datePublished\":\"2023-10-05T12:41:50+00:00\",\"dateModified\":\"2024-04-29T13:53:42+00:00\",\"description\":\"Nous avons con\u00e7u le graphisme de cette exposition consacr\u00e9e \u00e0 l'\u0153uvre du peintre fran\u00e7ais Gilles Aillaud depuis les ann\u00e9es 1960.\",\"breadcrumb\":{\"@id\":\"https:\/\/lacasta-design.com\/fr\/gilles-aillaud-animal-politico\/#breadcrumb\"},\"inLanguage\":\"fr-FR\",\"potentialAction\":[{\"@type\":\"ReadAction\",\"target\":[\"https:\/\/lacasta-design.com\/fr\/gilles-aillaud-animal-politico\/\"]}]},{\"@type\":\"BreadcrumbList\",\"@id\":\"https:\/\/lacasta-design.com\/fr\/gilles-aillaud-animal-politico\/#breadcrumb\",\"itemListElement\":[{\"@type\":\"ListItem\",\"position\":1,\"name\":\"Portada\",\"item\":\"https:\/\/lacasta-design.com\/fr\/\"},{\"@type\":\"ListItem\",\"position\":2,\"name\":\"Gilles Aillaud. Animal Politique\"}]},{\"@type\":\"WebSite\",\"@id\":\"https:\/\/lacasta-design.com\/#website\",\"url\":\"https:\/\/lacasta-design.com\/\",\"name\":\"Lacasta Design\",\"description\":\"Estudio de dise\u00f1o gr\u00e1fico con sede en Madrid y Par\u00eds.\",\"publisher\":{\"@id\":\"https:\/\/lacasta-design.com\/#organization\"},\"potentialAction\":[{\"@type\":\"SearchAction\",\"target\":{\"@type\":\"EntryPoint\",\"urlTemplate\":\"https:\/\/lacasta-design.com\/?s={search_term_string}\"},\"query-input\":{\"@type\":\"PropertyValueSpecification\",\"valueRequired\":true,\"valueName\":\"search_term_string\"}}],\"inLanguage\":\"fr-FR\"},{\"@type\":\"Organization\",\"@id\":\"https:\/\/lacasta-design.com\/#organization\",\"name\":\"Lacasta Design\",\"url\":\"https:\/\/lacasta-design.com\/\",\"logo\":{\"@type\":\"ImageObject\",\"inLanguage\":\"fr-FR\",\"@id\":\"https:\/\/lacasta-design.com\/#\/schema\/logo\/image\/\",\"url\":\"https:\/\/lacasta-design.com\/wp-content\/uploads\/1549901334658.jpg\",\"contentUrl\":\"https:\/\/lacasta-design.com\/wp-content\/uploads\/1549901334658.jpg\",\"width\":200,\"height\":200,\"caption\":\"Lacasta Design\"},\"image\":{\"@id\":\"https:\/\/lacasta-design.com\/#\/schema\/logo\/image\/\"}},{\"@type\":\"Person\",\"@id\":\"https:\/\/lacasta-design.com\/#\/schema\/person\/51e1cd7c5f7356ab55e22257cf95469b\",\"name\":\"pacolacasta\",\"url\":\"https:\/\/lacasta-design.com\/fr\/author\/pacolacasta\/\"}]}<\/script>\n<!-- \/ Yoast SEO plugin. -->","yoast_head_json":{"title":"Gilles Aillaud. Animal Politique - Lacasta Design","description":"Nous avons con\u00e7u le graphisme de cette exposition consacr\u00e9e \u00e0 l'\u0153uvre du peintre fran\u00e7ais Gilles Aillaud depuis les ann\u00e9es 1960.","robots":{"index":"index","follow":"follow","max-snippet":"max-snippet:-1","max-image-preview":"max-image-preview:large","max-video-preview":"max-video-preview:-1"},"canonical":"https:\/\/lacasta-design.com\/fr\/gilles-aillaud-animal-politico\/","og_locale":"fr_FR","og_type":"article","og_title":"Gilles Aillaud. Animal Politique","og_description":"Nous avons con\u00e7u le graphisme de cette exposition consacr\u00e9e \u00e0 l'\u0153uvre du peintre fran\u00e7ais Gilles Aillaud depuis les ann\u00e9es 1960.","og_url":"https:\/\/lacasta-design.com\/fr\/gilles-aillaud-animal-politico\/","og_site_name":"Lacasta Design","article_published_time":"2023-10-05T12:41:50+00:00","article_modified_time":"2024-04-29T13:53:42+00:00","og_image":[{"width":800,"height":500,"url":"http:\/\/lacasta-design.com\/wp-content\/uploads\/gilles-aillaud.jpg","type":"image\/jpeg"}],"author":"pacolacasta","twitter_card":"summary_large_image","twitter_title":"Gilles Aillaud. Animal Politique","twitter_description":"Nous avons con\u00e7u le graphisme de cette exposition consacr\u00e9e \u00e0 l'\u0153uvre du peintre fran\u00e7ais Gilles Aillaud depuis les ann\u00e9es 1960.","twitter_image":"https:\/\/lacasta-design.com\/wp-content\/uploads\/gilles-aillaud.jpg","twitter_misc":{"\u00c9crit par":"pacolacasta"},"schema":{"@context":"https:\/\/schema.org","@graph":[{"@type":"Article","@id":"https:\/\/lacasta-design.com\/fr\/gilles-aillaud-animal-politico\/#article","isPartOf":{"@id":"https:\/\/lacasta-design.com\/fr\/gilles-aillaud-animal-politico\/"},"author":{"name":"pacolacasta","@id":"https:\/\/lacasta-design.com\/#\/schema\/person\/51e1cd7c5f7356ab55e22257cf95469b"},"headline":"Gilles Aillaud. Animal Politique","datePublished":"2023-10-05T12:41:50+00:00","dateModified":"2024-04-29T13:53:42+00:00","mainEntityOfPage":{"@id":"https:\/\/lacasta-design.com\/fr\/gilles-aillaud-animal-politico\/"},"wordCount":4,"publisher":{"@id":"https:\/\/lacasta-design.com\/#organization"},"articleSection":["Non classifi\u00e9(e)"],"inLanguage":"fr-FR"},{"@type":"WebPage","@id":"https:\/\/lacasta-design.com\/fr\/gilles-aillaud-animal-politico\/","url":"https:\/\/lacasta-design.com\/fr\/gilles-aillaud-animal-politico\/","name":"Gilles Aillaud. Animal Politique - Lacasta Design","isPartOf":{"@id":"https:\/\/lacasta-design.com\/#website"},"datePublished":"2023-10-05T12:41:50+00:00","dateModified":"2024-04-29T13:53:42+00:00","description":"Nous avons con\u00e7u le graphisme de cette exposition consacr\u00e9e \u00e0 l'\u0153uvre du peintre fran\u00e7ais Gilles Aillaud depuis les ann\u00e9es 1960.","breadcrumb":{"@id":"https:\/\/lacasta-design.com\/fr\/gilles-aillaud-animal-politico\/#breadcrumb"},"inLanguage":"fr-FR","potentialAction":[{"@type":"ReadAction","target":["https:\/\/lacasta-design.com\/fr\/gilles-aillaud-animal-politico\/"]}]},{"@type":"BreadcrumbList","@id":"https:\/\/lacasta-design.com\/fr\/gilles-aillaud-animal-politico\/#breadcrumb","itemListElement":[{"@type":"ListItem","position":1,"name":"Portada","item":"https:\/\/lacasta-design.com\/fr\/"},{"@type":"ListItem","position":2,"name":"Gilles Aillaud. Animal Politique"}]},{"@type":"WebSite","@id":"https:\/\/lacasta-design.com\/#website","url":"https:\/\/lacasta-design.com\/","name":"Lacasta Design","description":"Estudio de dise\u00f1o gr\u00e1fico con sede en Madrid y Par\u00eds.","publisher":{"@id":"https:\/\/lacasta-design.com\/#organization"},"potentialAction":[{"@type":"SearchAction","target":{"@type":"EntryPoint","urlTemplate":"https:\/\/lacasta-design.com\/?s={search_term_string}"},"query-input":{"@type":"PropertyValueSpecification","valueRequired":true,"valueName":"search_term_string"}}],"inLanguage":"fr-FR"},{"@type":"Organization","@id":"https:\/\/lacasta-design.com\/#organization","name":"Lacasta Design","url":"https:\/\/lacasta-design.com\/","logo":{"@type":"ImageObject","inLanguage":"fr-FR","@id":"https:\/\/lacasta-design.com\/#\/schema\/logo\/image\/","url":"https:\/\/lacasta-design.com\/wp-content\/uploads\/1549901334658.jpg","contentUrl":"https:\/\/lacasta-design.com\/wp-content\/uploads\/1549901334658.jpg","width":200,"height":200,"caption":"Lacasta Design"},"image":{"@id":"https:\/\/lacasta-design.com\/#\/schema\/logo\/image\/"}},{"@type":"Person","@id":"https:\/\/lacasta-design.com\/#\/schema\/person\/51e1cd7c5f7356ab55e22257cf95469b","name":"pacolacasta","url":"https:\/\/lacasta-design.com\/fr\/author\/pacolacasta\/"}]}},"_links":{"self":[{"href":"https:\/\/lacasta-design.com\/fr\/wp-json\/wp\/v2\/posts\/6796","targetHints":{"allow":["GET"]}}],"collection":[{"href":"https:\/\/lacasta-design.com\/fr\/wp-json\/wp\/v2\/posts"}],"about":[{"href":"https:\/\/lacasta-design.com\/fr\/wp-json\/wp\/v2\/types\/post"}],"author":[{"embeddable":true,"href":"https:\/\/lacasta-design.com\/fr\/wp-json\/wp\/v2\/users\/2"}],"replies":[{"embeddable":true,"href":"https:\/\/lacasta-design.com\/fr\/wp-json\/wp\/v2\/comments?post=6796"}],"version-history":[{"count":3,"href":"https:\/\/lacasta-design.com\/fr\/wp-json\/wp\/v2\/posts\/6796\/revisions"}],"predecessor-version":[{"id":7991,"href":"https:\/\/lacasta-design.com\/fr\/wp-json\/wp\/v2\/posts\/6796\/revisions\/7991"}],"wp:attachment":[{"href":"https:\/\/lacasta-design.com\/fr\/wp-json\/wp\/v2\/media?parent=6796"}],"wp:term":[{"taxonomy":"category","embeddable":true,"href":"https:\/\/lacasta-design.com\/fr\/wp-json\/wp\/v2\/categories?post=6796"},{"taxonomy":"post_tag","embeddable":true,"href":"https:\/\/lacasta-design.com\/fr\/wp-json\/wp\/v2\/tags?post=6796"}],"curies":[{"name":"wp","href":"https:\/\/api.w.org\/{rel}","templated":true}]}}